{"id":1610,"date":"2022-01-21T13:41:19","date_gmt":"2022-01-21T13:41:19","guid":{"rendered":"https:\/\/mapeplastics.se\/?p=1610"},"modified":"2024-03-01T17:01:21","modified_gmt":"2024-03-01T16:01:21","slug":"carl-fejrer-1-aar-i-plastindustrien","status":"publish","type":"post","link":"https:\/\/mapeplastics.se\/da\/2022\/01\/21\/carl-fejrer-1-aar-i-plastindustrien\/","title":{"rendered":"Carl fejrer 1 \u00e5r i plastindustrien"},"content":{"rendered":"<section class=\"wpb-content-wrapper\"><p>[vc_row][vc_column][vc_column_text]<strong>Da han voksede op, s\u00e5 Carl Waldenstr\u00f6m sig ikke arbejde i plastindustrien som sin far Magnus og hans bedstefar Jan. Nu et \u00e5r senere ville vi h\u00f8re, om hans image har \u00e6ndret sig \u2013 og hvad hans indtryk er fra branchen.<\/strong><\/p>\n<p><strong>Hej Carl, hvad laver du lige nu?<\/strong><\/p>\n<p><em>&#8211; Jeg har lige fikset en leverance, hvor materialet skal bruges i en stor bilproducents interi\u00f8r. Der er mange dele i biler som er lavet af plast for at f\u00e5 et let og milj\u00f8venligt k\u00f8ret\u00f8j, vi ser en konstant udvikling p\u00e5 dette omr\u00e5de.<\/em><\/p>\n<p><strong>Du har v\u00e6ret hos Mape Plastics i et \u00e5r nu, hvordan f\u00f8les det?<\/strong><\/p>\n<p><em>&#8211; Det f\u00f8les rigtig godt, man l\u00e6rer meget, og det er sjovt.<\/em><\/p>\n<p><strong>Hvordan vil du beskrive Mape Plastics som virksomhed?<\/strong><\/p>\n<p><em>&#8211; En virksomhed med store ambitioner, hvor alle arbejder sammen som et team. Alle str\u00e6ber i samme retning og tager ansvar for deres omr\u00e5de.<\/em><\/p>\n<p><strong>Hvad har du l\u00e6rt i l\u00f8bet af \u00e5ret?<\/strong><\/p>\n<p><em>&#8211; Forretnings- og servicet\u00e6nkning. Jeg er g\u00e5et ind i plastverdenen, som nybegynder, og har f\u00e5et en forst\u00e5else for, hvor stor denne industri er, samt egenskaber og anvendelser af plast. I dag ser jeg, hvordan det materiale, vi s\u00e6lger, skaber b\u00e6redygtighed i fremtidens mobilitet, bliver afg\u00f8rende medicinsk udstyr og udvikler fremstillingsindustrien p\u00e5 mange m\u00e5der.<\/em><\/p>\n<p><em>&#8211; Vi er til for alle, der fremstiller noget, og vi har ofte forslag til l\u00f8sningen til det bedste slutresultat.<\/em><\/p>\n<p><strong>Hvad var sv\u00e6rest som ny i plastindustrien?<\/strong><\/p>\n<p><em>&#8211; Jeg troede ikke, det var s\u00e5 stor en industri, i dag ser jeg p\u00e5 plastik med en anden synsvinkel og har l\u00e6rt meget. Det er mere komplekst, end du tror, \u200b\u200bmen det er interessant.<\/em><\/p>\n<p><strong>Hvad laver du i dit daglige arbejde?<\/strong><\/p>\n<p><em>\u2013 Mit ansvar er at overv\u00e5ge vores ordreflow og holde kontakten med kunderne, s\u00e5 vi kan levere efter deres \u00f8nsker. Jeg hj\u00e6lper med indk\u00f8b af materialer og f\u00f8lger med i leverancerne, noget der har v\u00e6ret en udfordring i pandemien. Der har ogs\u00e5 v\u00e6ret mangel p\u00e5 materialer, hvilket har gjort det sv\u00e6rere for os at l\u00f8se kundernes henvendelser.<\/em><\/p>\n<p><em>\u2013 Der er mange bolde at holde styr p\u00e5. Der kan ske meget med leverancer rundt om i verden, det er vigtigt at forudsige bestemte m\u00f8nstre, overv\u00e5ge i realtid og have en \u00e5ben dialog med kunden.<\/em><\/p>\n<p>[\/vc_column_text][\/vc_column][\/vc_row][vc_row][vc_column][vc_single_image image=&#8221;1585&#8243; img_size=&#8221;full&#8221;][\/vc_column][\/vc_row]<\/p>\n<\/section>","protected":false},"excerpt":{"rendered":"<p>F\u00f8rste \u00e5r afsluttet med succes for Carl Waldenstr\u00f6m<\/p>\n","protected":false},"author":27,"featured_media":1586,"comment_status":"closed","ping_status":"open","sticky":false,"template":"","format":"standard","meta":{"_mi_skip_tracking":false},"categories":[15],"tags":[],"acf":[],"yoast_head":"<!-- This site is optimized with the Yoast SEO plugin v20.7 - https:\/\/yoast.com\/wordpress\/plugins\/seo\/ -->\n<title>Carl fejrer 1 \u00e5r i plastindustrien - Mape Plastics<\/title>\n<meta name=\"robots\" content=\"index, follow, max-snippet:-1, max-image-preview:large, max-video-preview:-1\" \/>\n<link rel=\"canonical\" href=\"https:\/\/mapeplastics.se\/da\/2022\/01\/21\/carl-fejrer-1-aar-i-plastindustrien\/\" \/>\n<meta property=\"og:locale\" content=\"da_DK\" \/>\n<meta property=\"og:type\" content=\"article\" \/>\n<meta property=\"og:title\" content=\"Carl fejrer 1 \u00e5r i plastindustrien - Mape Plastics\" \/>\n<meta property=\"og:description\" content=\"F\u00f8rste \u00e5r afsluttet med succes for Carl Waldenstr\u00f6m\" \/>\n<meta property=\"og:url\" content=\"https:\/\/mapeplastics.se\/da\/2022\/01\/21\/carl-fejrer-1-aar-i-plastindustrien\/\" \/>\n<meta property=\"og:site_name\" content=\"Mape Plastics\" \/>\n<meta property=\"article:published_time\" content=\"2022-01-21T13:41:19+00:00\" \/>\n<meta property=\"article:modified_time\" content=\"2024-03-01T16:01:21+00:00\" \/>\n<meta property=\"og:image\" content=\"https:\/\/mapeplastics.se\/wp-content\/uploads\/2022\/01\/R4A3291-1.jpg\" \/>\n\t<meta property=\"og:image:width\" content=\"1280\" \/>\n\t<meta property=\"og:image:height\" content=\"853\" \/>\n\t<meta property=\"og:image:type\" content=\"image\/jpeg\" \/>\n<meta name=\"author\" content=\"mapeplastics\" \/>\n<meta name=\"twitter:card\" content=\"summary_large_image\" \/>\n<meta name=\"twitter:label1\" content=\"Skrevet af\" \/>\n\t<meta name=\"twitter:data1\" content=\"mapeplastics\" \/>\n\t<meta name=\"twitter:label2\" content=\"Estimeret l\u00e6setid\" \/>\n\t<meta name=\"twitter:data2\" content=\"2 minutter\" \/>\n<script type=\"application\/ld+json\" class=\"yoast-schema-graph\">{\"@context\":\"https:\/\/schema.org\",\"@graph\":[{\"@type\":\"WebPage\",\"@id\":\"https:\/\/mapeplastics.se\/da\/2022\/01\/21\/carl-fejrer-1-aar-i-plastindustrien\/\",\"url\":\"https:\/\/mapeplastics.se\/da\/2022\/01\/21\/carl-fejrer-1-aar-i-plastindustrien\/\",\"name\":\"Carl fejrer 1 \u00e5r i plastindustrien - Mape Plastics\",\"isPartOf\":{\"@id\":\"https:\/\/mapeplastics.se\/da\/#website\"},\"datePublished\":\"2022-01-21T13:41:19+00:00\",\"dateModified\":\"2024-03-01T16:01:21+00:00\",\"author\":{\"@id\":\"https:\/\/mapeplastics.se\/da\/#\/schema\/person\/dd4934f13d5cf78425e1b57b2475f33a\"},\"breadcrumb\":{\"@id\":\"https:\/\/mapeplastics.se\/da\/2022\/01\/21\/carl-fejrer-1-aar-i-plastindustrien\/#breadcrumb\"},\"inLanguage\":\"da-DK\",\"potentialAction\":[{\"@type\":\"ReadAction\",\"target\":[\"https:\/\/mapeplastics.se\/da\/2022\/01\/21\/carl-fejrer-1-aar-i-plastindustrien\/\"]}]},{\"@type\":\"BreadcrumbList\",\"@id\":\"https:\/\/mapeplastics.se\/da\/2022\/01\/21\/carl-fejrer-1-aar-i-plastindustrien\/#breadcrumb\",\"itemListElement\":[{\"@type\":\"ListItem\",\"position\":1,\"name\":\"Hem\",\"item\":\"https:\/\/mapeplastics.se\/da\/\"},{\"@type\":\"ListItem\",\"position\":2,\"name\":\"Carl fejrer 1 \u00e5r i plastindustrien\"}]},{\"@type\":\"WebSite\",\"@id\":\"https:\/\/mapeplastics.se\/da\/#website\",\"url\":\"https:\/\/mapeplastics.se\/da\/\",\"name\":\"Mape Plastics\",\"description\":\"\",\"potentialAction\":[{\"@type\":\"SearchAction\",\"target\":{\"@type\":\"EntryPoint\",\"urlTemplate\":\"https:\/\/mapeplastics.se\/da\/?s={search_term_string}\"},\"query-input\":\"required name=search_term_string\"}],\"inLanguage\":\"da-DK\"},{\"@type\":\"Person\",\"@id\":\"https:\/\/mapeplastics.se\/da\/#\/schema\/person\/dd4934f13d5cf78425e1b57b2475f33a\",\"name\":\"mapeplastics\",\"image\":{\"@type\":\"ImageObject\",\"inLanguage\":\"da-DK\",\"@id\":\"https:\/\/mapeplastics.se\/da\/#\/schema\/person\/image\/\",\"url\":\"https:\/\/secure.gravatar.com\/avatar\/928d67e32fdb26b6bfedba95b772d13b?s=96&d=mm&r=g\",\"contentUrl\":\"https:\/\/secure.gravatar.com\/avatar\/928d67e32fdb26b6bfedba95b772d13b?s=96&d=mm&r=g\",\"caption\":\"mapeplastics\"}}]}<\/script>\n<!-- \/ Yoast SEO plugin. -->","yoast_head_json":{"title":"Carl fejrer 1 \u00e5r i plastindustrien - Mape Plastics","robots":{"index":"index","follow":"follow","max-snippet":"max-snippet:-1","max-image-preview":"max-image-preview:large","max-video-preview":"max-video-preview:-1"},"canonical":"https:\/\/mapeplastics.se\/da\/2022\/01\/21\/carl-fejrer-1-aar-i-plastindustrien\/","og_locale":"da_DK","og_type":"article","og_title":"Carl fejrer 1 \u00e5r i plastindustrien - Mape Plastics","og_description":"F\u00f8rste \u00e5r afsluttet med succes for Carl Waldenstr\u00f6m","og_url":"https:\/\/mapeplastics.se\/da\/2022\/01\/21\/carl-fejrer-1-aar-i-plastindustrien\/","og_site_name":"Mape Plastics","article_published_time":"2022-01-21T13:41:19+00:00","article_modified_time":"2024-03-01T16:01:21+00:00","og_image":[{"width":1280,"height":853,"url":"https:\/\/mapeplastics.se\/wp-content\/uploads\/2022\/01\/R4A3291-1.jpg","type":"image\/jpeg"}],"author":"mapeplastics","twitter_card":"summary_large_image","twitter_misc":{"Skrevet af":"mapeplastics","Estimeret l\u00e6setid":"2 minutter"},"schema":{"@context":"https:\/\/schema.org","@graph":[{"@type":"WebPage","@id":"https:\/\/mapeplastics.se\/da\/2022\/01\/21\/carl-fejrer-1-aar-i-plastindustrien\/","url":"https:\/\/mapeplastics.se\/da\/2022\/01\/21\/carl-fejrer-1-aar-i-plastindustrien\/","name":"Carl fejrer 1 \u00e5r i plastindustrien - Mape Plastics","isPartOf":{"@id":"https:\/\/mapeplastics.se\/da\/#website"},"datePublished":"2022-01-21T13:41:19+00:00","dateModified":"2024-03-01T16:01:21+00:00","author":{"@id":"https:\/\/mapeplastics.se\/da\/#\/schema\/person\/dd4934f13d5cf78425e1b57b2475f33a"},"breadcrumb":{"@id":"https:\/\/mapeplastics.se\/da\/2022\/01\/21\/carl-fejrer-1-aar-i-plastindustrien\/#breadcrumb"},"inLanguage":"da-DK","potentialAction":[{"@type":"ReadAction","target":["https:\/\/mapeplastics.se\/da\/2022\/01\/21\/carl-fejrer-1-aar-i-plastindustrien\/"]}]},{"@type":"BreadcrumbList","@id":"https:\/\/mapeplastics.se\/da\/2022\/01\/21\/carl-fejrer-1-aar-i-plastindustrien\/#breadcrumb","itemListElement":[{"@type":"ListItem","position":1,"name":"Hem","item":"https:\/\/mapeplastics.se\/da\/"},{"@type":"ListItem","position":2,"name":"Carl fejrer 1 \u00e5r i plastindustrien"}]},{"@type":"WebSite","@id":"https:\/\/mapeplastics.se\/da\/#website","url":"https:\/\/mapeplastics.se\/da\/","name":"Mape Plastics","description":"","potentialAction":[{"@type":"SearchAction","target":{"@type":"EntryPoint","urlTemplate":"https:\/\/mapeplastics.se\/da\/?s={search_term_string}"},"query-input":"required name=search_term_string"}],"inLanguage":"da-DK"},{"@type":"Person","@id":"https:\/\/mapeplastics.se\/da\/#\/schema\/person\/dd4934f13d5cf78425e1b57b2475f33a","name":"mapeplastics","image":{"@type":"ImageObject","inLanguage":"da-DK","@id":"https:\/\/mapeplastics.se\/da\/#\/schema\/person\/image\/","url":"https:\/\/secure.gravatar.com\/avatar\/928d67e32fdb26b6bfedba95b772d13b?s=96&d=mm&r=g","contentUrl":"https:\/\/secure.gravatar.com\/avatar\/928d67e32fdb26b6bfedba95b772d13b?s=96&d=mm&r=g","caption":"mapeplastics"}}]}},"_links":{"self":[{"href":"https:\/\/mapeplastics.se\/da\/wp-json\/wp\/v2\/posts\/1610"}],"collection":[{"href":"https:\/\/mapeplastics.se\/da\/wp-json\/wp\/v2\/posts"}],"about":[{"href":"https:\/\/mapeplastics.se\/da\/wp-json\/wp\/v2\/types\/post"}],"author":[{"embeddable":true,"href":"https:\/\/mapeplastics.se\/da\/wp-json\/wp\/v2\/users\/27"}],"replies":[{"embeddable":true,"href":"https:\/\/mapeplastics.se\/da\/wp-json\/wp\/v2\/comments?post=1610"}],"version-history":[{"count":1,"href":"https:\/\/mapeplastics.se\/da\/wp-json\/wp\/v2\/posts\/1610\/revisions"}],"predecessor-version":[{"id":1611,"href":"https:\/\/mapeplastics.se\/da\/wp-json\/wp\/v2\/posts\/1610\/revisions\/1611"}],"wp:featuredmedia":[{"embeddable":true,"href":"https:\/\/mapeplastics.se\/da\/wp-json\/wp\/v2\/media\/1586"}],"wp:attachment":[{"href":"https:\/\/mapeplastics.se\/da\/wp-json\/wp\/v2\/media?parent=1610"}],"wp:term":[{"taxonomy":"category","embeddable":true,"href":"https:\/\/mapeplastics.se\/da\/wp-json\/wp\/v2\/categories?post=1610"},{"taxonomy":"post_tag","embeddable":true,"href":"https:\/\/mapeplastics.se\/da\/wp-json\/wp\/v2\/tags?post=1610"}],"curies":[{"name":"wp","href":"https:\/\/api.w.org\/{rel}","templated":true}]}}