{"id":6892,"date":"2024-05-29T10:02:44","date_gmt":"2024-05-29T08:02:44","guid":{"rendered":"https:\/\/mapeplastics.se\/?p=6892"},"modified":"2024-05-29T10:02:44","modified_gmt":"2024-05-29T08:02:44","slug":"oletko-meidan-uusi-tilaushallinnon-tyontekijamme","status":"publish","type":"post","link":"https:\/\/mapeplastics.se\/fi\/2024\/05\/29\/oletko-meidan-uusi-tilaushallinnon-tyontekijamme\/","title":{"rendered":"Oletko meid\u00e4n uusi tilaushallinnon ty\u00f6ntekij\u00e4mme?"},"content":{"rendered":"<section class=\"wpb-content-wrapper\"><p>[vc_row][vc_column][vc_column_text]Tukeaksemme jatkuvaa kasvuamme haemme nyt tilaushallinnon ty\u00f6ntekij\u00e4\u00e4, joka tulee n\u00e4yttelem\u00e4\u00e4n avainroolia asiakassuhteiden ja p\u00e4ivitt\u00e4isen viestinn\u00e4n hallinnassa sek\u00e4 myynti- ja ostotilausten seurannassa.<\/p>\n<p>Meille on t\u00e4rke\u00e4\u00e4 yll\u00e4pit\u00e4\u00e4 henkil\u00f6kohtaista ja nopeaa yhteytt\u00e4 asiakkaisiimme, josta olemme tunnettuja, ja tietenkin varmistaa, ett\u00e4 logistiikka toimii sujuvasti, sill\u00e4 toimintamme syd\u00e4n on materiaalien jakelu teollisuudelle.<\/p>\n<p>T\u00e4ss\u00e4 teht\u00e4v\u00e4ss\u00e4 tarjotaan vastuullinen, t\u00e4rke\u00e4 ja miellytt\u00e4v\u00e4 rooli henkil\u00f6kohtaisessa perheyrityksess\u00e4, jossa on suuret kehitysmahdollisuudet. Vastaat kokonaisvaltaisesti kaikista tilauksiin ja hallintoon liittyvist\u00e4 asioista tiiviiss\u00e4 yhteisty\u00f6ss\u00e4 toimiston kollegoiden kanssa.<\/p>\n<p>Lue lis\u00e4\u00e4 ty\u00f6st\u00e4 ja hae <a href=\"https:\/\/www.linkedin.com\/jobs\/view\/3932556766\/\" target=\"_blank\" rel=\"noopener\">LinkedIn<\/a>.[\/vc_column_text][vc_empty_space][\/vc_column][\/vc_row][vc_row][vc_column][vc_single_image image=&#8221;6881&#8243; img_size=&#8221;full&#8221; alignment=&#8221;center&#8221;][\/vc_column][\/vc_row]<\/p>\n<\/section>","protected":false},"excerpt":{"rendered":"<p>Apply today<\/p>\n","protected":false},"author":29,"featured_media":6884,"comment_status":"closed","ping_status":"closed","sticky":false,"template":"","format":"standard","meta":{"_mi_skip_tracking":false},"categories":[16],"tags":[],"acf":[],"yoast_head":"<!-- This site is optimized with the Yoast SEO plugin v20.7 - https:\/\/yoast.com\/wordpress\/plugins\/seo\/ -->\n<title>Oletko meid\u00e4n uusi tilaushallinnon ty\u00f6ntekij\u00e4mme? - Mape Plastics<\/title>\n<meta name=\"robots\" content=\"index, follow, max-snippet:-1, max-image-preview:large, max-video-preview:-1\" \/>\n<link rel=\"canonical\" href=\"https:\/\/mapeplastics.se\/fi\/2024\/05\/29\/oletko-meidan-uusi-tilaushallinnon-tyontekijamme\/\" \/>\n<meta property=\"og:locale\" content=\"fi_FI\" \/>\n<meta property=\"og:type\" content=\"article\" \/>\n<meta property=\"og:title\" content=\"Oletko meid\u00e4n uusi tilaushallinnon ty\u00f6ntekij\u00e4mme? - Mape Plastics\" \/>\n<meta property=\"og:description\" content=\"Apply today\" \/>\n<meta property=\"og:url\" content=\"https:\/\/mapeplastics.se\/fi\/2024\/05\/29\/oletko-meidan-uusi-tilaushallinnon-tyontekijamme\/\" \/>\n<meta property=\"og:site_name\" content=\"Mape Plastics\" \/>\n<meta property=\"article:published_time\" content=\"2024-05-29T08:02:44+00:00\" \/>\n<meta property=\"og:image\" content=\"https:\/\/mapeplastics.se\/wp-content\/uploads\/2024\/05\/Skarmavbild-2024-05-29-kl.-09.47.49.png\" \/>\n\t<meta property=\"og:image:width\" content=\"3636\" \/>\n\t<meta property=\"og:image:height\" content=\"1960\" \/>\n\t<meta property=\"og:image:type\" content=\"image\/png\" \/>\n<meta name=\"author\" content=\"gustav\" \/>\n<meta name=\"twitter:card\" content=\"summary_large_image\" \/>\n<meta name=\"twitter:label1\" content=\"Kirjoittanut\" \/>\n\t<meta name=\"twitter:data1\" content=\"gustav\" \/>\n\t<meta name=\"twitter:label2\" content=\"Arvioitu lukuaika\" \/>\n\t<meta name=\"twitter:data2\" content=\"1 minuutti\" \/>\n<script type=\"application\/ld+json\" class=\"yoast-schema-graph\">{\"@context\":\"https:\/\/schema.org\",\"@graph\":[{\"@type\":\"WebPage\",\"@id\":\"https:\/\/mapeplastics.se\/fi\/2024\/05\/29\/oletko-meidan-uusi-tilaushallinnon-tyontekijamme\/\",\"url\":\"https:\/\/mapeplastics.se\/fi\/2024\/05\/29\/oletko-meidan-uusi-tilaushallinnon-tyontekijamme\/\",\"name\":\"Oletko meid\u00e4n uusi tilaushallinnon ty\u00f6ntekij\u00e4mme? - Mape Plastics\",\"isPartOf\":{\"@id\":\"https:\/\/mapeplastics.se\/fi\/#website\"},\"datePublished\":\"2024-05-29T08:02:44+00:00\",\"dateModified\":\"2024-05-29T08:02:44+00:00\",\"author\":{\"@id\":\"https:\/\/mapeplastics.se\/fi\/#\/schema\/person\/8aafab1abf3ed0476d171ec56d5be7d9\"},\"breadcrumb\":{\"@id\":\"https:\/\/mapeplastics.se\/fi\/2024\/05\/29\/oletko-meidan-uusi-tilaushallinnon-tyontekijamme\/#breadcrumb\"},\"inLanguage\":\"fi\",\"potentialAction\":[{\"@type\":\"ReadAction\",\"target\":[\"https:\/\/mapeplastics.se\/fi\/2024\/05\/29\/oletko-meidan-uusi-tilaushallinnon-tyontekijamme\/\"]}]},{\"@type\":\"BreadcrumbList\",\"@id\":\"https:\/\/mapeplastics.se\/fi\/2024\/05\/29\/oletko-meidan-uusi-tilaushallinnon-tyontekijamme\/#breadcrumb\",\"itemListElement\":[{\"@type\":\"ListItem\",\"position\":1,\"name\":\"Hem\",\"item\":\"https:\/\/mapeplastics.se\/fi\/\"},{\"@type\":\"ListItem\",\"position\":2,\"name\":\"Oletko meid\u00e4n uusi tilaushallinnon ty\u00f6ntekij\u00e4mme?\"}]},{\"@type\":\"WebSite\",\"@id\":\"https:\/\/mapeplastics.se\/fi\/#website\",\"url\":\"https:\/\/mapeplastics.se\/fi\/\",\"name\":\"Mape Plastics\",\"description\":\"\",\"potentialAction\":[{\"@type\":\"SearchAction\",\"target\":{\"@type\":\"EntryPoint\",\"urlTemplate\":\"https:\/\/mapeplastics.se\/fi\/?s={search_term_string}\"},\"query-input\":\"required name=search_term_string\"}],\"inLanguage\":\"fi\"},{\"@type\":\"Person\",\"@id\":\"https:\/\/mapeplastics.se\/fi\/#\/schema\/person\/8aafab1abf3ed0476d171ec56d5be7d9\",\"name\":\"gustav\",\"image\":{\"@type\":\"ImageObject\",\"inLanguage\":\"fi\",\"@id\":\"https:\/\/mapeplastics.se\/fi\/#\/schema\/person\/image\/\",\"url\":\"https:\/\/secure.gravatar.com\/avatar\/863f9771d7cc937d5978c524775490ba?s=96&d=mm&r=g\",\"contentUrl\":\"https:\/\/secure.gravatar.com\/avatar\/863f9771d7cc937d5978c524775490ba?s=96&d=mm&r=g\",\"caption\":\"gustav\"}}]}<\/script>\n<!-- \/ Yoast SEO plugin. -->","yoast_head_json":{"title":"Oletko meid\u00e4n uusi tilaushallinnon ty\u00f6ntekij\u00e4mme? - Mape Plastics","robots":{"index":"index","follow":"follow","max-snippet":"max-snippet:-1","max-image-preview":"max-image-preview:large","max-video-preview":"max-video-preview:-1"},"canonical":"https:\/\/mapeplastics.se\/fi\/2024\/05\/29\/oletko-meidan-uusi-tilaushallinnon-tyontekijamme\/","og_locale":"fi_FI","og_type":"article","og_title":"Oletko meid\u00e4n uusi tilaushallinnon ty\u00f6ntekij\u00e4mme? - Mape Plastics","og_description":"Apply today","og_url":"https:\/\/mapeplastics.se\/fi\/2024\/05\/29\/oletko-meidan-uusi-tilaushallinnon-tyontekijamme\/","og_site_name":"Mape Plastics","article_published_time":"2024-05-29T08:02:44+00:00","og_image":[{"width":3636,"height":1960,"url":"https:\/\/mapeplastics.se\/wp-content\/uploads\/2024\/05\/Skarmavbild-2024-05-29-kl.-09.47.49.png","type":"image\/png"}],"author":"gustav","twitter_card":"summary_large_image","twitter_misc":{"Kirjoittanut":"gustav","Arvioitu lukuaika":"1 minuutti"},"schema":{"@context":"https:\/\/schema.org","@graph":[{"@type":"WebPage","@id":"https:\/\/mapeplastics.se\/fi\/2024\/05\/29\/oletko-meidan-uusi-tilaushallinnon-tyontekijamme\/","url":"https:\/\/mapeplastics.se\/fi\/2024\/05\/29\/oletko-meidan-uusi-tilaushallinnon-tyontekijamme\/","name":"Oletko meid\u00e4n uusi tilaushallinnon ty\u00f6ntekij\u00e4mme? - Mape Plastics","isPartOf":{"@id":"https:\/\/mapeplastics.se\/fi\/#website"},"datePublished":"2024-05-29T08:02:44+00:00","dateModified":"2024-05-29T08:02:44+00:00","author":{"@id":"https:\/\/mapeplastics.se\/fi\/#\/schema\/person\/8aafab1abf3ed0476d171ec56d5be7d9"},"breadcrumb":{"@id":"https:\/\/mapeplastics.se\/fi\/2024\/05\/29\/oletko-meidan-uusi-tilaushallinnon-tyontekijamme\/#breadcrumb"},"inLanguage":"fi","potentialAction":[{"@type":"ReadAction","target":["https:\/\/mapeplastics.se\/fi\/2024\/05\/29\/oletko-meidan-uusi-tilaushallinnon-tyontekijamme\/"]}]},{"@type":"BreadcrumbList","@id":"https:\/\/mapeplastics.se\/fi\/2024\/05\/29\/oletko-meidan-uusi-tilaushallinnon-tyontekijamme\/#breadcrumb","itemListElement":[{"@type":"ListItem","position":1,"name":"Hem","item":"https:\/\/mapeplastics.se\/fi\/"},{"@type":"ListItem","position":2,"name":"Oletko meid\u00e4n uusi tilaushallinnon ty\u00f6ntekij\u00e4mme?"}]},{"@type":"WebSite","@id":"https:\/\/mapeplastics.se\/fi\/#website","url":"https:\/\/mapeplastics.se\/fi\/","name":"Mape Plastics","description":"","potentialAction":[{"@type":"SearchAction","target":{"@type":"EntryPoint","urlTemplate":"https:\/\/mapeplastics.se\/fi\/?s={search_term_string}"},"query-input":"required name=search_term_string"}],"inLanguage":"fi"},{"@type":"Person","@id":"https:\/\/mapeplastics.se\/fi\/#\/schema\/person\/8aafab1abf3ed0476d171ec56d5be7d9","name":"gustav","image":{"@type":"ImageObject","inLanguage":"fi","@id":"https:\/\/mapeplastics.se\/fi\/#\/schema\/person\/image\/","url":"https:\/\/secure.gravatar.com\/avatar\/863f9771d7cc937d5978c524775490ba?s=96&d=mm&r=g","contentUrl":"https:\/\/secure.gravatar.com\/avatar\/863f9771d7cc937d5978c524775490ba?s=96&d=mm&r=g","caption":"gustav"}}]}},"_links":{"self":[{"href":"https:\/\/mapeplastics.se\/fi\/wp-json\/wp\/v2\/posts\/6892"}],"collection":[{"href":"https:\/\/mapeplastics.se\/fi\/wp-json\/wp\/v2\/posts"}],"about":[{"href":"https:\/\/mapeplastics.se\/fi\/wp-json\/wp\/v2\/types\/post"}],"author":[{"embeddable":true,"href":"https:\/\/mapeplastics.se\/fi\/wp-json\/wp\/v2\/users\/29"}],"replies":[{"embeddable":true,"href":"https:\/\/mapeplastics.se\/fi\/wp-json\/wp\/v2\/comments?post=6892"}],"version-history":[{"count":1,"href":"https:\/\/mapeplastics.se\/fi\/wp-json\/wp\/v2\/posts\/6892\/revisions"}],"predecessor-version":[{"id":6893,"href":"https:\/\/mapeplastics.se\/fi\/wp-json\/wp\/v2\/posts\/6892\/revisions\/6893"}],"wp:featuredmedia":[{"embeddable":true,"href":"https:\/\/mapeplastics.se\/fi\/wp-json\/wp\/v2\/media\/6884"}],"wp:attachment":[{"href":"https:\/\/mapeplastics.se\/fi\/wp-json\/wp\/v2\/media?parent=6892"}],"wp:term":[{"taxonomy":"category","embeddable":true,"href":"https:\/\/mapeplastics.se\/fi\/wp-json\/wp\/v2\/categories?post=6892"},{"taxonomy":"post_tag","embeddable":true,"href":"https:\/\/mapeplastics.se\/fi\/wp-json\/wp\/v2\/tags?post=6892"}],"curies":[{"name":"wp","href":"https:\/\/api.w.org\/{rel}","templated":true}]}}