{"id":1605,"date":"2022-01-21T13:34:56","date_gmt":"2022-01-21T13:34:56","guid":{"rendered":"https:\/\/mapeplastics.se\/?p=1605"},"modified":"2024-03-01T17:01:22","modified_gmt":"2024-03-01T16:01:22","slug":"carl-feirer-1-ar-i-plastindustrien","status":"publish","type":"post","link":"https:\/\/mapeplastics.se\/no\/2022\/01\/21\/carl-feirer-1-ar-i-plastindustrien\/","title":{"rendered":"Carl feirer 1 \u00e5r i plastindustrien"},"content":{"rendered":"<section class=\"wpb-content-wrapper\"><p>[vc_row][vc_column][vc_column_text]<strong>Da han vokste opp, s\u00e5 ikke Carl Waldenstr\u00f6m seg selv jobbe i plastindustrien som faren Magnus og bestefaren Jan. N\u00e5 et \u00e5r senere \u00f8nsket vi \u00e5 h\u00f8re om imaget hans har endret seg \u2013 og hvilket inntrykk han har fra industrien.<\/strong><\/p>\n<p><strong>Hei Carl, hva gj\u00f8r du akkurat n\u00e5?<\/strong><br \/>\n<em>\u2013 Jeg har akkurat fikset en leveranse hvor materialet skal brukes i en stor bilprodusents interi\u00f8r. Det er mange deler i biler som er laget av plast for \u00e5 f\u00e5 et lett og milj\u00f8vennlig kj\u00f8ret\u00f8y, vi ser stadig utvikling p\u00e5 dette omr\u00e5det.<\/em><\/p>\n<p><strong>Du har v\u00e6rt i Mape Plastics i ett \u00e5r n\u00e5, hvordan f\u00f8les det?<\/strong><br \/>\n<em>\u2013 Det f\u00f8les veldig bra, man l\u00e6rer mye og det er g\u00f8y.<\/em><\/p>\n<p><strong>Hvordan vil du beskrive Mape Plastics som selskap?<\/strong><br \/>\n<em>\u2013 Et selskap med store ambisjoner, hvor alle jobber sammen som et team. Alle streber i samme retning og tar ansvar for sitt omr\u00e5de.<\/em><\/p>\n<p><strong>Hva har du l\u00e6rt i l\u00f8pet av \u00e5ret?<\/strong><br \/>\n<em>&#8211; Forretnings- og servicetenkning. Jeg har g\u00e5tt inn i plastverdenen, som nybegynner, og f\u00e5tt forst\u00e5else for hvor stor denne industrien er, samt egenskapene og bruksomr\u00e5dene til plast. I dag ser jeg hvordan materialet vi selger skaper b\u00e6rekraft i fremtidens mobilitet, blir viktig medisinsk utstyr og utvikler produksjonsindustrien p\u00e5 mange m\u00e5ter.<\/em><\/p>\n<p><em>\u2013 Vi er til for alle som produserer noe, og vi har ofte forslag til l\u00f8sningen for best sluttresultat.<\/em><\/p>\n<p><strong>Hva var vanskeligst som nykommer i plastindustrien?<\/strong><br \/>\n<em>\u2013 Jeg trodde ikke det var en s\u00e5 stor industri, i dag ser jeg p\u00e5 plast med et annet st\u00e5sted og har l\u00e6rt mye. Det er mer komplekst enn du tror, \u200b\u200bmen det er interessant.<\/em><\/p>\n<p><strong>Hva gj\u00f8r du i arbeidshverdagen?<\/strong><\/p>\n<p><em>\u2013 Mitt ansvar er \u00e5 overv\u00e5ke ordreflyten v\u00e5r og holde kontakten med kundene slik at vi kan levere etter deres \u00f8nsker. Jeg hjelper til med innkj\u00f8p av materiell og f\u00f8lger med p\u00e5 leveransene, noe som har v\u00e6rt en utfordring i pandemien. Det har ogs\u00e5 v\u00e6rt mangel p\u00e5 materialer, noe som har gjort det vanskeligere for oss \u00e5 l\u00f8se kundenes henvendelser.<\/em><\/p>\n<p><em>\u2013 Det er mange baller \u00e5 holde styr p\u00e5. Mye kan skje med leveranser rundt om i verden, det er viktig \u00e5 forutsi visse m\u00f8nstre, overv\u00e5ke i sanntid og ha en \u00e5pen dialog med kunden.<\/em><\/p>\n<p>[\/vc_column_text][\/vc_column][\/vc_row][vc_row][vc_column][vc_single_image image=&raquo;1588&#8243; img_size=&raquo;full&raquo;][\/vc_column][\/vc_row]<\/p>\n<\/section>","protected":false},"excerpt":{"rendered":"<p>F\u00f8rste \u00e5r vellykket fullf\u00f8rt for Carl Waldenstr\u00f6m<\/p>\n","protected":false},"author":27,"featured_media":1588,"comment_status":"closed","ping_status":"open","sticky":false,"template":"","format":"standard","meta":{"_mi_skip_tracking":false},"categories":[17],"tags":[],"acf":[],"yoast_head":"<!-- This site is optimized with the Yoast SEO plugin v20.7 - https:\/\/yoast.com\/wordpress\/plugins\/seo\/ -->\n<title>Carl feirer 1 \u00e5r i plastindustrien - Mape Plastics<\/title>\n<meta name=\"robots\" content=\"index, follow, max-snippet:-1, max-image-preview:large, max-video-preview:-1\" \/>\n<link rel=\"canonical\" href=\"https:\/\/mapeplastics.se\/no\/2022\/01\/21\/carl-feirer-1-ar-i-plastindustrien\/\" \/>\n<meta property=\"og:locale\" content=\"nb_NO\" \/>\n<meta property=\"og:type\" content=\"article\" \/>\n<meta property=\"og:title\" content=\"Carl feirer 1 \u00e5r i plastindustrien - Mape Plastics\" \/>\n<meta property=\"og:description\" content=\"F\u00f8rste \u00e5r vellykket fullf\u00f8rt for Carl Waldenstr\u00f6m\" \/>\n<meta property=\"og:url\" content=\"https:\/\/mapeplastics.se\/no\/2022\/01\/21\/carl-feirer-1-ar-i-plastindustrien\/\" \/>\n<meta property=\"og:site_name\" content=\"Mape Plastics\" \/>\n<meta property=\"article:published_time\" content=\"2022-01-21T13:34:56+00:00\" \/>\n<meta property=\"article:modified_time\" content=\"2024-03-01T16:01:22+00:00\" \/>\n<meta property=\"og:image\" content=\"https:\/\/mapeplastics.se\/wp-content\/uploads\/2022\/01\/R4A3291-1.jpg\" \/>\n\t<meta property=\"og:image:width\" content=\"1280\" \/>\n\t<meta property=\"og:image:height\" content=\"853\" \/>\n\t<meta property=\"og:image:type\" content=\"image\/jpeg\" \/>\n<meta name=\"author\" content=\"mapeplastics\" \/>\n<meta name=\"twitter:card\" content=\"summary_large_image\" \/>\n<meta name=\"twitter:label1\" content=\"Skrevet av\" \/>\n\t<meta name=\"twitter:data1\" content=\"mapeplastics\" \/>\n\t<meta name=\"twitter:label2\" content=\"Ansl. lesetid\" \/>\n\t<meta name=\"twitter:data2\" content=\"2 minutter\" \/>\n<script type=\"application\/ld+json\" class=\"yoast-schema-graph\">{\"@context\":\"https:\/\/schema.org\",\"@graph\":[{\"@type\":\"WebPage\",\"@id\":\"https:\/\/mapeplastics.se\/no\/2022\/01\/21\/carl-feirer-1-ar-i-plastindustrien\/\",\"url\":\"https:\/\/mapeplastics.se\/no\/2022\/01\/21\/carl-feirer-1-ar-i-plastindustrien\/\",\"name\":\"Carl feirer 1 \u00e5r i plastindustrien - Mape Plastics\",\"isPartOf\":{\"@id\":\"https:\/\/mapeplastics.se\/no\/#website\"},\"datePublished\":\"2022-01-21T13:34:56+00:00\",\"dateModified\":\"2024-03-01T16:01:22+00:00\",\"author\":{\"@id\":\"https:\/\/mapeplastics.se\/no\/#\/schema\/person\/dd4934f13d5cf78425e1b57b2475f33a\"},\"breadcrumb\":{\"@id\":\"https:\/\/mapeplastics.se\/no\/2022\/01\/21\/carl-feirer-1-ar-i-plastindustrien\/#breadcrumb\"},\"inLanguage\":\"nb-NO\",\"potentialAction\":[{\"@type\":\"ReadAction\",\"target\":[\"https:\/\/mapeplastics.se\/no\/2022\/01\/21\/carl-feirer-1-ar-i-plastindustrien\/\"]}]},{\"@type\":\"BreadcrumbList\",\"@id\":\"https:\/\/mapeplastics.se\/no\/2022\/01\/21\/carl-feirer-1-ar-i-plastindustrien\/#breadcrumb\",\"itemListElement\":[{\"@type\":\"ListItem\",\"position\":1,\"name\":\"Hem\",\"item\":\"https:\/\/mapeplastics.se\/no\/\"},{\"@type\":\"ListItem\",\"position\":2,\"name\":\"Carl feirer 1 \u00e5r i plastindustrien\"}]},{\"@type\":\"WebSite\",\"@id\":\"https:\/\/mapeplastics.se\/no\/#website\",\"url\":\"https:\/\/mapeplastics.se\/no\/\",\"name\":\"Mape Plastics\",\"description\":\"\",\"potentialAction\":[{\"@type\":\"SearchAction\",\"target\":{\"@type\":\"EntryPoint\",\"urlTemplate\":\"https:\/\/mapeplastics.se\/no\/?s={search_term_string}\"},\"query-input\":\"required name=search_term_string\"}],\"inLanguage\":\"nb-NO\"},{\"@type\":\"Person\",\"@id\":\"https:\/\/mapeplastics.se\/no\/#\/schema\/person\/dd4934f13d5cf78425e1b57b2475f33a\",\"name\":\"mapeplastics\",\"image\":{\"@type\":\"ImageObject\",\"inLanguage\":\"nb-NO\",\"@id\":\"https:\/\/mapeplastics.se\/no\/#\/schema\/person\/image\/\",\"url\":\"https:\/\/secure.gravatar.com\/avatar\/928d67e32fdb26b6bfedba95b772d13b?s=96&d=mm&r=g\",\"contentUrl\":\"https:\/\/secure.gravatar.com\/avatar\/928d67e32fdb26b6bfedba95b772d13b?s=96&d=mm&r=g\",\"caption\":\"mapeplastics\"}}]}<\/script>\n<!-- \/ Yoast SEO plugin. -->","yoast_head_json":{"title":"Carl feirer 1 \u00e5r i plastindustrien - Mape Plastics","robots":{"index":"index","follow":"follow","max-snippet":"max-snippet:-1","max-image-preview":"max-image-preview:large","max-video-preview":"max-video-preview:-1"},"canonical":"https:\/\/mapeplastics.se\/no\/2022\/01\/21\/carl-feirer-1-ar-i-plastindustrien\/","og_locale":"nb_NO","og_type":"article","og_title":"Carl feirer 1 \u00e5r i plastindustrien - Mape Plastics","og_description":"F\u00f8rste \u00e5r vellykket fullf\u00f8rt for Carl Waldenstr\u00f6m","og_url":"https:\/\/mapeplastics.se\/no\/2022\/01\/21\/carl-feirer-1-ar-i-plastindustrien\/","og_site_name":"Mape Plastics","article_published_time":"2022-01-21T13:34:56+00:00","article_modified_time":"2024-03-01T16:01:22+00:00","og_image":[{"width":1280,"height":853,"url":"https:\/\/mapeplastics.se\/wp-content\/uploads\/2022\/01\/R4A3291-1.jpg","type":"image\/jpeg"}],"author":"mapeplastics","twitter_card":"summary_large_image","twitter_misc":{"Skrevet av":"mapeplastics","Ansl. lesetid":"2 minutter"},"schema":{"@context":"https:\/\/schema.org","@graph":[{"@type":"WebPage","@id":"https:\/\/mapeplastics.se\/no\/2022\/01\/21\/carl-feirer-1-ar-i-plastindustrien\/","url":"https:\/\/mapeplastics.se\/no\/2022\/01\/21\/carl-feirer-1-ar-i-plastindustrien\/","name":"Carl feirer 1 \u00e5r i plastindustrien - Mape Plastics","isPartOf":{"@id":"https:\/\/mapeplastics.se\/no\/#website"},"datePublished":"2022-01-21T13:34:56+00:00","dateModified":"2024-03-01T16:01:22+00:00","author":{"@id":"https:\/\/mapeplastics.se\/no\/#\/schema\/person\/dd4934f13d5cf78425e1b57b2475f33a"},"breadcrumb":{"@id":"https:\/\/mapeplastics.se\/no\/2022\/01\/21\/carl-feirer-1-ar-i-plastindustrien\/#breadcrumb"},"inLanguage":"nb-NO","potentialAction":[{"@type":"ReadAction","target":["https:\/\/mapeplastics.se\/no\/2022\/01\/21\/carl-feirer-1-ar-i-plastindustrien\/"]}]},{"@type":"BreadcrumbList","@id":"https:\/\/mapeplastics.se\/no\/2022\/01\/21\/carl-feirer-1-ar-i-plastindustrien\/#breadcrumb","itemListElement":[{"@type":"ListItem","position":1,"name":"Hem","item":"https:\/\/mapeplastics.se\/no\/"},{"@type":"ListItem","position":2,"name":"Carl feirer 1 \u00e5r i plastindustrien"}]},{"@type":"WebSite","@id":"https:\/\/mapeplastics.se\/no\/#website","url":"https:\/\/mapeplastics.se\/no\/","name":"Mape Plastics","description":"","potentialAction":[{"@type":"SearchAction","target":{"@type":"EntryPoint","urlTemplate":"https:\/\/mapeplastics.se\/no\/?s={search_term_string}"},"query-input":"required name=search_term_string"}],"inLanguage":"nb-NO"},{"@type":"Person","@id":"https:\/\/mapeplastics.se\/no\/#\/schema\/person\/dd4934f13d5cf78425e1b57b2475f33a","name":"mapeplastics","image":{"@type":"ImageObject","inLanguage":"nb-NO","@id":"https:\/\/mapeplastics.se\/no\/#\/schema\/person\/image\/","url":"https:\/\/secure.gravatar.com\/avatar\/928d67e32fdb26b6bfedba95b772d13b?s=96&d=mm&r=g","contentUrl":"https:\/\/secure.gravatar.com\/avatar\/928d67e32fdb26b6bfedba95b772d13b?s=96&d=mm&r=g","caption":"mapeplastics"}}]}},"_links":{"self":[{"href":"https:\/\/mapeplastics.se\/no\/wp-json\/wp\/v2\/posts\/1605"}],"collection":[{"href":"https:\/\/mapeplastics.se\/no\/wp-json\/wp\/v2\/posts"}],"about":[{"href":"https:\/\/mapeplastics.se\/no\/wp-json\/wp\/v2\/types\/post"}],"author":[{"embeddable":true,"href":"https:\/\/mapeplastics.se\/no\/wp-json\/wp\/v2\/users\/27"}],"replies":[{"embeddable":true,"href":"https:\/\/mapeplastics.se\/no\/wp-json\/wp\/v2\/comments?post=1605"}],"version-history":[{"count":1,"href":"https:\/\/mapeplastics.se\/no\/wp-json\/wp\/v2\/posts\/1605\/revisions"}],"predecessor-version":[{"id":1606,"href":"https:\/\/mapeplastics.se\/no\/wp-json\/wp\/v2\/posts\/1605\/revisions\/1606"}],"wp:featuredmedia":[{"embeddable":true,"href":"https:\/\/mapeplastics.se\/no\/wp-json\/wp\/v2\/media\/1588"}],"wp:attachment":[{"href":"https:\/\/mapeplastics.se\/no\/wp-json\/wp\/v2\/media?parent=1605"}],"wp:term":[{"taxonomy":"category","embeddable":true,"href":"https:\/\/mapeplastics.se\/no\/wp-json\/wp\/v2\/categories?post=1605"},{"taxonomy":"post_tag","embeddable":true,"href":"https:\/\/mapeplastics.se\/no\/wp-json\/wp\/v2\/tags?post=1605"}],"curies":[{"name":"wp","href":"https:\/\/api.w.org\/{rel}","templated":true}]}}