{"id":9686,"date":"2026-03-06T09:30:17","date_gmt":"2026-03-06T08:30:17","guid":{"rendered":"https:\/\/mapeplastics.se\/2026\/03\/06\/plastic-inspiration-day\/"},"modified":"2026-03-06T09:32:52","modified_gmt":"2026-03-06T08:32:52","slug":"plastic-inspiration-day","status":"publish","type":"post","link":"https:\/\/mapeplastics.se\/no\/2026\/03\/06\/plastic-inspiration-day\/","title":{"rendered":"Plastic Inspiration Day"},"content":{"rendered":"<section class=\"wpb-content-wrapper\"><p>[vc_row][vc_column][vc_column_text]<\/p>\n<p data-start=\"882\" data-end=\"997\">To uker til Plastic Inspiration Day i Ystad. Vi ser frem til \u00e5 m\u00f8te kolleger, kunder og venner fra plastindustrien.<\/p>\n<p data-start=\"999\" data-end=\"1207\">\u00c5 bli k\u00e5ret til \ud83c\udfc6 Raw Material Distributor of the Year to \u00e5r p\u00e5 rad gj\u00f8r oss stolte og takknemlige \u2013 men det beste med dette arrangementet er alltid menneskene. Kom innom standen v\u00e5r, s\u00e5 snakker vi plast! \ud83e\udd1d<\/p>\n<p data-start=\"1209\" data-end=\"1250\">Takk til SPIF for et flott arrangement \ud83d\ude4f<\/p>\n<p>[\/vc_column_text][\/vc_column][\/vc_row][vc_row][vc_column][vc_empty_space][vc_single_image image=&raquo;9676&#8243; img_size=&raquo;full&raquo;][\/vc_column][\/vc_row]<\/p>\n<\/section>","protected":false},"excerpt":{"rendered":"<p>See you in Ystad 19 mars<\/p>\n","protected":false},"author":29,"featured_media":9675,"comment_status":"closed","ping_status":"closed","sticky":false,"template":"","format":"standard","meta":{"_mi_skip_tracking":false},"categories":[17],"tags":[],"acf":[],"yoast_head":"<!-- This site is optimized with the Yoast SEO plugin v20.7 - https:\/\/yoast.com\/wordpress\/plugins\/seo\/ -->\n<title>Plastic Inspiration Day - Mape Plastics<\/title>\n<meta name=\"robots\" content=\"index, follow, max-snippet:-1, max-image-preview:large, max-video-preview:-1\" \/>\n<link rel=\"canonical\" href=\"https:\/\/mapeplastics.se\/no\/2026\/03\/06\/plastic-inspiration-day\/\" \/>\n<meta property=\"og:locale\" content=\"nb_NO\" \/>\n<meta property=\"og:type\" content=\"article\" \/>\n<meta property=\"og:title\" content=\"Plastic Inspiration Day - Mape Plastics\" \/>\n<meta property=\"og:description\" content=\"See you in Ystad 19 mars\" \/>\n<meta property=\"og:url\" content=\"https:\/\/mapeplastics.se\/no\/2026\/03\/06\/plastic-inspiration-day\/\" \/>\n<meta property=\"og:site_name\" content=\"Mape Plastics\" \/>\n<meta property=\"article:published_time\" content=\"2026-03-06T08:30:17+00:00\" \/>\n<meta property=\"article:modified_time\" content=\"2026-03-06T08:32:52+00:00\" \/>\n<meta property=\"og:image\" content=\"https:\/\/mapeplastics.se\/wp-content\/uploads\/2026\/03\/Plastic-day-webben.png\" \/>\n\t<meta property=\"og:image:width\" content=\"1080\" \/>\n\t<meta property=\"og:image:height\" content=\"746\" \/>\n\t<meta property=\"og:image:type\" content=\"image\/png\" \/>\n<meta name=\"author\" content=\"gustav\" \/>\n<meta name=\"twitter:card\" content=\"summary_large_image\" \/>\n<meta name=\"twitter:label1\" content=\"Skrevet av\" \/>\n\t<meta name=\"twitter:data1\" content=\"gustav\" \/>\n\t<meta name=\"twitter:label2\" content=\"Ansl. lesetid\" \/>\n\t<meta name=\"twitter:data2\" content=\"1 minutt\" \/>\n<script type=\"application\/ld+json\" class=\"yoast-schema-graph\">{\"@context\":\"https:\/\/schema.org\",\"@graph\":[{\"@type\":\"WebPage\",\"@id\":\"https:\/\/mapeplastics.se\/no\/2026\/03\/06\/plastic-inspiration-day\/\",\"url\":\"https:\/\/mapeplastics.se\/no\/2026\/03\/06\/plastic-inspiration-day\/\",\"name\":\"Plastic Inspiration Day - Mape Plastics\",\"isPartOf\":{\"@id\":\"https:\/\/mapeplastics.se\/no\/#website\"},\"datePublished\":\"2026-03-06T08:30:17+00:00\",\"dateModified\":\"2026-03-06T08:32:52+00:00\",\"author\":{\"@id\":\"https:\/\/mapeplastics.se\/no\/#\/schema\/person\/8aafab1abf3ed0476d171ec56d5be7d9\"},\"breadcrumb\":{\"@id\":\"https:\/\/mapeplastics.se\/no\/2026\/03\/06\/plastic-inspiration-day\/#breadcrumb\"},\"inLanguage\":\"nb-NO\",\"potentialAction\":[{\"@type\":\"ReadAction\",\"target\":[\"https:\/\/mapeplastics.se\/no\/2026\/03\/06\/plastic-inspiration-day\/\"]}]},{\"@type\":\"BreadcrumbList\",\"@id\":\"https:\/\/mapeplastics.se\/no\/2026\/03\/06\/plastic-inspiration-day\/#breadcrumb\",\"itemListElement\":[{\"@type\":\"ListItem\",\"position\":1,\"name\":\"Hem\",\"item\":\"https:\/\/mapeplastics.se\/no\/\"},{\"@type\":\"ListItem\",\"position\":2,\"name\":\"Plastic Inspiration Day\"}]},{\"@type\":\"WebSite\",\"@id\":\"https:\/\/mapeplastics.se\/no\/#website\",\"url\":\"https:\/\/mapeplastics.se\/no\/\",\"name\":\"Mape Plastics\",\"description\":\"\",\"potentialAction\":[{\"@type\":\"SearchAction\",\"target\":{\"@type\":\"EntryPoint\",\"urlTemplate\":\"https:\/\/mapeplastics.se\/no\/?s={search_term_string}\"},\"query-input\":\"required name=search_term_string\"}],\"inLanguage\":\"nb-NO\"},{\"@type\":\"Person\",\"@id\":\"https:\/\/mapeplastics.se\/no\/#\/schema\/person\/8aafab1abf3ed0476d171ec56d5be7d9\",\"name\":\"gustav\",\"image\":{\"@type\":\"ImageObject\",\"inLanguage\":\"nb-NO\",\"@id\":\"https:\/\/mapeplastics.se\/no\/#\/schema\/person\/image\/\",\"url\":\"https:\/\/secure.gravatar.com\/avatar\/863f9771d7cc937d5978c524775490ba?s=96&d=mm&r=g\",\"contentUrl\":\"https:\/\/secure.gravatar.com\/avatar\/863f9771d7cc937d5978c524775490ba?s=96&d=mm&r=g\",\"caption\":\"gustav\"}}]}<\/script>\n<!-- \/ Yoast SEO plugin. -->","yoast_head_json":{"title":"Plastic Inspiration Day - Mape Plastics","robots":{"index":"index","follow":"follow","max-snippet":"max-snippet:-1","max-image-preview":"max-image-preview:large","max-video-preview":"max-video-preview:-1"},"canonical":"https:\/\/mapeplastics.se\/no\/2026\/03\/06\/plastic-inspiration-day\/","og_locale":"nb_NO","og_type":"article","og_title":"Plastic Inspiration Day - Mape Plastics","og_description":"See you in Ystad 19 mars","og_url":"https:\/\/mapeplastics.se\/no\/2026\/03\/06\/plastic-inspiration-day\/","og_site_name":"Mape Plastics","article_published_time":"2026-03-06T08:30:17+00:00","article_modified_time":"2026-03-06T08:32:52+00:00","og_image":[{"width":1080,"height":746,"url":"https:\/\/mapeplastics.se\/wp-content\/uploads\/2026\/03\/Plastic-day-webben.png","type":"image\/png"}],"author":"gustav","twitter_card":"summary_large_image","twitter_misc":{"Skrevet av":"gustav","Ansl. lesetid":"1 minutt"},"schema":{"@context":"https:\/\/schema.org","@graph":[{"@type":"WebPage","@id":"https:\/\/mapeplastics.se\/no\/2026\/03\/06\/plastic-inspiration-day\/","url":"https:\/\/mapeplastics.se\/no\/2026\/03\/06\/plastic-inspiration-day\/","name":"Plastic Inspiration Day - Mape Plastics","isPartOf":{"@id":"https:\/\/mapeplastics.se\/no\/#website"},"datePublished":"2026-03-06T08:30:17+00:00","dateModified":"2026-03-06T08:32:52+00:00","author":{"@id":"https:\/\/mapeplastics.se\/no\/#\/schema\/person\/8aafab1abf3ed0476d171ec56d5be7d9"},"breadcrumb":{"@id":"https:\/\/mapeplastics.se\/no\/2026\/03\/06\/plastic-inspiration-day\/#breadcrumb"},"inLanguage":"nb-NO","potentialAction":[{"@type":"ReadAction","target":["https:\/\/mapeplastics.se\/no\/2026\/03\/06\/plastic-inspiration-day\/"]}]},{"@type":"BreadcrumbList","@id":"https:\/\/mapeplastics.se\/no\/2026\/03\/06\/plastic-inspiration-day\/#breadcrumb","itemListElement":[{"@type":"ListItem","position":1,"name":"Hem","item":"https:\/\/mapeplastics.se\/no\/"},{"@type":"ListItem","position":2,"name":"Plastic Inspiration Day"}]},{"@type":"WebSite","@id":"https:\/\/mapeplastics.se\/no\/#website","url":"https:\/\/mapeplastics.se\/no\/","name":"Mape Plastics","description":"","potentialAction":[{"@type":"SearchAction","target":{"@type":"EntryPoint","urlTemplate":"https:\/\/mapeplastics.se\/no\/?s={search_term_string}"},"query-input":"required name=search_term_string"}],"inLanguage":"nb-NO"},{"@type":"Person","@id":"https:\/\/mapeplastics.se\/no\/#\/schema\/person\/8aafab1abf3ed0476d171ec56d5be7d9","name":"gustav","image":{"@type":"ImageObject","inLanguage":"nb-NO","@id":"https:\/\/mapeplastics.se\/no\/#\/schema\/person\/image\/","url":"https:\/\/secure.gravatar.com\/avatar\/863f9771d7cc937d5978c524775490ba?s=96&d=mm&r=g","contentUrl":"https:\/\/secure.gravatar.com\/avatar\/863f9771d7cc937d5978c524775490ba?s=96&d=mm&r=g","caption":"gustav"}}]}},"_links":{"self":[{"href":"https:\/\/mapeplastics.se\/no\/wp-json\/wp\/v2\/posts\/9686"}],"collection":[{"href":"https:\/\/mapeplastics.se\/no\/wp-json\/wp\/v2\/posts"}],"about":[{"href":"https:\/\/mapeplastics.se\/no\/wp-json\/wp\/v2\/types\/post"}],"author":[{"embeddable":true,"href":"https:\/\/mapeplastics.se\/no\/wp-json\/wp\/v2\/users\/29"}],"replies":[{"embeddable":true,"href":"https:\/\/mapeplastics.se\/no\/wp-json\/wp\/v2\/comments?post=9686"}],"version-history":[{"count":1,"href":"https:\/\/mapeplastics.se\/no\/wp-json\/wp\/v2\/posts\/9686\/revisions"}],"predecessor-version":[{"id":9687,"href":"https:\/\/mapeplastics.se\/no\/wp-json\/wp\/v2\/posts\/9686\/revisions\/9687"}],"wp:featuredmedia":[{"embeddable":true,"href":"https:\/\/mapeplastics.se\/no\/wp-json\/wp\/v2\/media\/9675"}],"wp:attachment":[{"href":"https:\/\/mapeplastics.se\/no\/wp-json\/wp\/v2\/media?parent=9686"}],"wp:term":[{"taxonomy":"category","embeddable":true,"href":"https:\/\/mapeplastics.se\/no\/wp-json\/wp\/v2\/categories?post=9686"},{"taxonomy":"post_tag","embeddable":true,"href":"https:\/\/mapeplastics.se\/no\/wp-json\/wp\/v2\/tags?post=9686"}],"curies":[{"name":"wp","href":"https:\/\/api.w.org\/{rel}","templated":true}]}}